{"id":2408,"date":"2020-08-02T21:08:32","date_gmt":"2020-08-02T21:08:32","guid":{"rendered":"https:\/\/observatoriodemedios.com.ar\/?p=2408"},"modified":"2020-08-04T17:44:34","modified_gmt":"2020-08-04T17:44:34","slug":"la-red-de-observatorios-nacionales-en-pagina-12","status":"publish","type":"post","link":"https:\/\/observatoriodemedios.com.ar\/index.php\/2020\/08\/02\/la-red-de-observatorios-nacionales-en-pagina-12\/","title":{"rendered":"La red de Observatorios Nacionales en P\u00e1gina 12"},"content":{"rendered":"\t\t<div data-elementor-type=\"wp-post\" data-elementor-id=\"2408\" class=\"elementor elementor-2408\" data-elementor-settings=\"[]\">\n\t\t\t\t\t\t<div class=\"elementor-inner\">\n\t\t\t\t\t\t\t<div class=\"elementor-section-wrap\">\n\t\t\t\t\t\t\t<section class=\"elementor-section elementor-top-section elementor-element elementor-element-4769e47 elementor-section-boxed elementor-section-height-default elementor-section-height-default\" data-id=\"4769e47\" data-element_type=\"section\">\n\t\t\t\t\t\t<div class=\"elementor-container elementor-column-gap-default\">\n\t\t\t\t\t\t\t<div class=\"elementor-row\">\n\t\t\t\t\t<div class=\"elementor-column elementor-col-100 elementor-top-column elementor-element elementor-element-ee67df1\" data-id=\"ee67df1\" data-element_type=\"column\">\n\t\t\t<div class=\"elementor-column-wrap elementor-element-populated\">\n\t\t\t\t\t\t\t<div class=\"elementor-widget-wrap\">\n\t\t\t\t\t\t<div class=\"elementor-element elementor-element-edd3768 elementor-widget elementor-widget-text-editor\" data-id=\"edd3768\" data-element_type=\"widget\" data-widget_type=\"text-editor.default\">\n\t\t\t\t<div class=\"elementor-widget-container\">\n\t\t\t\t\t\t\t\t<div class=\"elementor-text-editor elementor-clearfix\">\n\t\t\t\t<p>La periodista Silvina Alonso public\u00f3 en el diario P\u00e1gina 12 un informe sobre el trabajo de la Red de Observatorios, que incluye a los equipos de la Universidad Nacional de Quilmes, la Universidad Nacional de Cuyo y la Universidad Nacional del Centro de la Provincia de Buenos Aires.<\/p><p>En la nota se profundiza sobre el trabajo de cada observatorio y los proyectos compartidos. En representaci\u00f3n de nuestro equipo de investigaci\u00f3n comparti\u00f3 sus ideas las Dra. M\u00f3nica Cohendoz, directora del espacio.<\/p><p>Pod\u00e9s ver la nota en este <a href=\"https:\/\/www.pagina12.com.ar\/255358-observatorios-de-medios-una-mirada-critica-que-crece\">enlace<\/a><\/p>\t\t\t\t\t<\/div>\n\t\t\t\t\t\t<\/div>\n\t\t\t\t<\/div>\n\t\t\t\t\t\t<\/div>\n\t\t\t\t\t<\/div>\n\t\t<\/div>\n\t\t\t\t\t\t\t\t<\/div>\n\t\t\t\t\t<\/div>\n\t\t<\/section>\n\t\t\t\t\t\t<\/div>\n\t\t\t\t\t\t<\/div>\n\t\t\t\t\t<\/div>\n\t\t","protected":false},"excerpt":{"rendered":"<p>La periodista Silvina Alonso public\u00f3 en el diario P\u00e1gina 12 un informe sobre el trabajo de la Red de Observatorios, que incluye a los equipos de la Universidad Nacional de Quilmes, la Universidad Nacional de Cuyo y la Universidad Nacional del Centro de la Provincia de Buenos Aires. En la nota se profundiza sobre el [&hellip;]<\/p>\n","protected":false},"author":2,"featured_media":2411,"comment_status":"open","ping_status":"open","sticky":false,"template":"","format":"standard","meta":[],"categories":[61,75],"tags":[77],"_links":{"self":[{"href":"https:\/\/observatoriodemedios.com.ar\/index.php\/wp-json\/wp\/v2\/posts\/2408"}],"collection":[{"href":"https:\/\/observatoriodemedios.com.ar\/index.php\/wp-json\/wp\/v2\/posts"}],"about":[{"href":"https:\/\/observatoriodemedios.com.ar\/index.php\/wp-json\/wp\/v2\/types\/post"}],"author":[{"embeddable":true,"href":"https:\/\/observatoriodemedios.com.ar\/index.php\/wp-json\/wp\/v2\/users\/2"}],"replies":[{"embeddable":true,"href":"https:\/\/observatoriodemedios.com.ar\/index.php\/wp-json\/wp\/v2\/comments?post=2408"}],"version-history":[{"count":3,"href":"https:\/\/observatoriodemedios.com.ar\/index.php\/wp-json\/wp\/v2\/posts\/2408\/revisions"}],"predecessor-version":[{"id":2412,"href":"https:\/\/observatoriodemedios.com.ar\/index.php\/wp-json\/wp\/v2\/posts\/2408\/revisions\/2412"}],"wp:featuredmedia":[{"embeddable":true,"href":"https:\/\/observatoriodemedios.com.ar\/index.php\/wp-json\/wp\/v2\/media\/2411"}],"wp:attachment":[{"href":"https:\/\/observatoriodemedios.com.ar\/index.php\/wp-json\/wp\/v2\/media?parent=2408"}],"wp:term":[{"taxonomy":"category","embeddable":true,"href":"https:\/\/observatoriodemedios.com.ar\/index.php\/wp-json\/wp\/v2\/categories?post=2408"},{"taxonomy":"post_tag","embeddable":true,"href":"https:\/\/observatoriodemedios.com.ar\/index.php\/wp-json\/wp\/v2\/tags?post=2408"}],"curies":[{"name":"wp","href":"https:\/\/api.w.org\/{rel}","templated":true}]}}